{"id":1759,"date":"2021-08-14T17:16:45","date_gmt":"2021-08-14T15:16:45","guid":{"rendered":"http:\/\/dfoto.pl\/?p=1759"},"modified":"2022-03-28T18:35:08","modified_gmt":"2022-03-28T16:35:08","slug":"manastirea-neamt","status":"publish","type":"post","link":"https:\/\/dfoto.pl\/index.php\/2021\/08\/14\/manastirea-neamt\/","title":{"rendered":"M\u0103n\u0103stirea Neam\u021b"},"content":{"rendered":"<p>The Neam\u021b Monastery is a Romanian Orthodox religious settlement, one of the oldest and most important of its kind in Romania. It was built in the 15th century, and it is an example of medieval Moldavian architecture. A jewel of 15th-century architecture, the church was built during the reign of Stephen III of Moldavia (1457\u20131504) and finished in the year when the Moldavian army won the battle against King John I Albert of Poland (1497).\u00a0The monastery is located in the north-eastern part of Romania, in Neam\u021b County, 10 km west of T\u00e2rgu Neam\u021b.<\/p>\n<div id='gallery-1' class='gallery galleryid-1759 gallery-columns-3 gallery-size-thumbnail'><figure class='gallery-item'>\n\t\t\t<div class='gallery-icon landscape'>\n\t\t\t\t<a href='https:\/\/dfoto.pl\/index.php\/2021\/08\/14\/manastirea-neamt\/dsc_4656\/'><img loading=\"lazy\" decoding=\"async\" width=\"150\" height=\"150\" src=\"https:\/\/dfoto.pl\/wp-content\/uploads\/2022\/03\/DSC_4656-150x150.jpg\" class=\"attachment-thumbnail size-thumbnail\" alt=\"\" srcset=\"https:\/\/dfoto.pl\/wp-content\/uploads\/2022\/03\/DSC_4656-150x150.jpg 150w, https:\/\/dfoto.pl\/wp-content\/uploads\/2022\/03\/DSC_4656-100x100.jpg 100w\" sizes=\"auto, (max-width: 150px) 100vw, 150px\" \/><\/a>\n\t\t\t<\/div><\/figure><figure class='gallery-item'>\n\t\t\t<div class='gallery-icon landscape'>\n\t\t\t\t<a href='https:\/\/dfoto.pl\/index.php\/2021\/08\/14\/manastirea-neamt\/dsc_4658\/'><img loading=\"lazy\" decoding=\"async\" width=\"150\" height=\"150\" src=\"https:\/\/dfoto.pl\/wp-content\/uploads\/2022\/03\/DSC_4658-150x150.jpg\" class=\"attachment-thumbnail size-thumbnail\" alt=\"\" srcset=\"https:\/\/dfoto.pl\/wp-content\/uploads\/2022\/03\/DSC_4658-150x150.jpg 150w, https:\/\/dfoto.pl\/wp-content\/uploads\/2022\/03\/DSC_4658-100x100.jpg 100w\" sizes=\"auto, (max-width: 150px) 100vw, 150px\" \/><\/a>\n\t\t\t<\/div><\/figure><figure class='gallery-item'>\n\t\t\t<div class='gallery-icon portrait'>\n\t\t\t\t<a href='https:\/\/dfoto.pl\/index.php\/2021\/08\/14\/manastirea-neamt\/dsc_4660\/'><img loading=\"lazy\" decoding=\"async\" width=\"150\" height=\"150\" src=\"https:\/\/dfoto.pl\/wp-content\/uploads\/2022\/03\/DSC_4660-150x150.jpg\" class=\"attachment-thumbnail size-thumbnail\" alt=\"\" srcset=\"https:\/\/dfoto.pl\/wp-content\/uploads\/2022\/03\/DSC_4660-150x150.jpg 150w, https:\/\/dfoto.pl\/wp-content\/uploads\/2022\/03\/DSC_4660-100x100.jpg 100w\" sizes=\"auto, (max-width: 150px) 100vw, 150px\" \/><\/a>\n\t\t\t<\/div><\/figure><figure class='gallery-item'>\n\t\t\t<div class='gallery-icon landscape'>\n\t\t\t\t<a href='https:\/\/dfoto.pl\/index.php\/2021\/08\/14\/manastirea-neamt\/dsc_4665\/'><img loading=\"lazy\" decoding=\"async\" width=\"150\" height=\"150\" src=\"https:\/\/dfoto.pl\/wp-content\/uploads\/2022\/03\/DSC_4665-150x150.jpg\" class=\"attachment-thumbnail size-thumbnail\" alt=\"\" srcset=\"https:\/\/dfoto.pl\/wp-content\/uploads\/2022\/03\/DSC_4665-150x150.jpg 150w, https:\/\/dfoto.pl\/wp-content\/uploads\/2022\/03\/DSC_4665-100x100.jpg 100w\" sizes=\"auto, (max-width: 150px) 100vw, 150px\" \/><\/a>\n\t\t\t<\/div><\/figure><figure class='gallery-item'>\n\t\t\t<div class='gallery-icon landscape'>\n\t\t\t\t<a href='https:\/\/dfoto.pl\/index.php\/2021\/08\/14\/manastirea-neamt\/dsc_4677-2\/'><img loading=\"lazy\" decoding=\"async\" width=\"150\" height=\"150\" src=\"https:\/\/dfoto.pl\/wp-content\/uploads\/2022\/03\/DSC_4677-150x150.jpg\" class=\"attachment-thumbnail size-thumbnail\" alt=\"\" srcset=\"https:\/\/dfoto.pl\/wp-content\/uploads\/2022\/03\/DSC_4677-150x150.jpg 150w, https:\/\/dfoto.pl\/wp-content\/uploads\/2022\/03\/DSC_4677-100x100.jpg 100w\" sizes=\"auto, (max-width: 150px) 100vw, 150px\" \/><\/a>\n\t\t\t<\/div><\/figure><figure class='gallery-item'>\n\t\t\t<div class='gallery-icon portrait'>\n\t\t\t\t<a href='https:\/\/dfoto.pl\/index.php\/2021\/08\/14\/manastirea-neamt\/dsc_4684\/'><img loading=\"lazy\" decoding=\"async\" width=\"150\" height=\"150\" src=\"https:\/\/dfoto.pl\/wp-content\/uploads\/2022\/03\/DSC_4684-150x150.jpg\" class=\"attachment-thumbnail size-thumbnail\" alt=\"\" srcset=\"https:\/\/dfoto.pl\/wp-content\/uploads\/2022\/03\/DSC_4684-150x150.jpg 150w, https:\/\/dfoto.pl\/wp-content\/uploads\/2022\/03\/DSC_4684-100x100.jpg 100w\" sizes=\"auto, (max-width: 150px) 100vw, 150px\" \/><\/a>\n\t\t\t<\/div><\/figure><figure class='gallery-item'>\n\t\t\t<div class='gallery-icon landscape'>\n\t\t\t\t<a href='https:\/\/dfoto.pl\/index.php\/2021\/08\/14\/manastirea-neamt\/dsc_4687\/'><img loading=\"lazy\" decoding=\"async\" width=\"150\" height=\"150\" src=\"https:\/\/dfoto.pl\/wp-content\/uploads\/2022\/03\/DSC_4687-150x150.jpg\" class=\"attachment-thumbnail size-thumbnail\" alt=\"\" srcset=\"https:\/\/dfoto.pl\/wp-content\/uploads\/2022\/03\/DSC_4687-150x150.jpg 150w, https:\/\/dfoto.pl\/wp-content\/uploads\/2022\/03\/DSC_4687-100x100.jpg 100w\" sizes=\"auto, (max-width: 150px) 100vw, 150px\" \/><\/a>\n\t\t\t<\/div><\/figure><figure class='gallery-item'>\n\t\t\t<div class='gallery-icon portrait'>\n\t\t\t\t<a href='https:\/\/dfoto.pl\/index.php\/2021\/08\/14\/manastirea-neamt\/dsc_4690\/'><img loading=\"lazy\" decoding=\"async\" width=\"150\" height=\"150\" src=\"https:\/\/dfoto.pl\/wp-content\/uploads\/2022\/03\/DSC_4690-150x150.jpg\" class=\"attachment-thumbnail size-thumbnail\" alt=\"\" srcset=\"https:\/\/dfoto.pl\/wp-content\/uploads\/2022\/03\/DSC_4690-150x150.jpg 150w, https:\/\/dfoto.pl\/wp-content\/uploads\/2022\/03\/DSC_4690-100x100.jpg 100w\" sizes=\"auto, (max-width: 150px) 100vw, 150px\" \/><\/a>\n\t\t\t<\/div><\/figure>\n\t\t<\/div>\n\n<p>Sumptuous, with delicate colour effects, the monastery shows the maturity of the Moldavian architectonic style, which matured during \u0218tefan cel Mare&#8217;s period. The fa\u00e7ade of the church is covered with decorations characteristic of that time: Gothic windows and friezes with enamelled disks, coloured in green, yellow and brown.<\/p>\n<p>In the chamber of the tombs, which appear for the first time at this church, is the tomb of \u0218tefan al II-lea, son of Alexandru cel Bun and uncle of \u0218tefan cel Mare.<\/p>\n<p>The art treasures kept at Neam\u021b Monastery are proof of the intense artistic and cultural activity which took place here through the centuries. Here Gavril Uric showed his talent, the most important representative of the Moldavian miniature from the 15th century. His first known manuscript, dated 1429, is kept in the Bodleian Library at the University of Oxford. The calligraphers and miniaturists of \u0218tefan cel Mare who worked at this important centre made many of the books given to Putna Monastery. In the cells of the monastery, the chronicler Macarie wrote the chronicle of Petru Rare\u0219&#8217;s rule, and Eftimie the chronicle of Alexandru L\u0103pu\u0219neanu&#8217;s rule.<\/p>\n<p>Read more in <a href=\"https:\/\/en.wikipedia.org\/wiki\/Neam%C8%9B_Monastery\">Wikipedia<\/a><\/p>\n","protected":false},"excerpt":{"rendered":"<p>The Neam\u021b Monastery is a Romanian Orthodox religious settlement, one of the oldest of its kind in Romania. It was built in the 15th c.<\/p>\n","protected":false},"author":1,"featured_media":1764,"comment_status":"open","ping_status":"open","sticky":false,"template":"","format":"standard","meta":{"give_campaign_id":0,"_monsterinsights_skip_tracking":false,"_monsterinsights_sitenote_active":false,"_monsterinsights_sitenote_note":"","_monsterinsights_sitenote_category":0,"_uf_show_specific_survey":0,"_uf_disable_surveys":false,"footnotes":""},"categories":[236,33],"tags":[242,247,237],"class_list":["post-1759","post","type-post","status-publish","format-standard","has-post-thumbnail","hentry","category-cultural-and-religious-site","category-europe","tag-monastery","tag-neamt","tag-romania"],"aioseo_notices":[],"geo":{"latitude":47.2643318,"longitude":26.2077751,"description":"M\u00e2n\u0103stirea Neam\u0163, Neam\u0163, 617502, RO"},"jetpack_featured_media_url":"https:\/\/dfoto.pl\/wp-content\/uploads\/2022\/03\/DSC_4677-scaled.jpg","_links":{"self":[{"href":"https:\/\/dfoto.pl\/index.php\/wp-json\/wp\/v2\/posts\/1759","targetHints":{"allow":["GET"]}}],"collection":[{"href":"https:\/\/dfoto.pl\/index.php\/wp-json\/wp\/v2\/posts"}],"about":[{"href":"https:\/\/dfoto.pl\/index.php\/wp-json\/wp\/v2\/types\/post"}],"author":[{"embeddable":true,"href":"https:\/\/dfoto.pl\/index.php\/wp-json\/wp\/v2\/users\/1"}],"replies":[{"embeddable":true,"href":"https:\/\/dfoto.pl\/index.php\/wp-json\/wp\/v2\/comments?post=1759"}],"version-history":[{"count":1,"href":"https:\/\/dfoto.pl\/index.php\/wp-json\/wp\/v2\/posts\/1759\/revisions"}],"predecessor-version":[{"id":1768,"href":"https:\/\/dfoto.pl\/index.php\/wp-json\/wp\/v2\/posts\/1759\/revisions\/1768"}],"wp:featuredmedia":[{"embeddable":true,"href":"https:\/\/dfoto.pl\/index.php\/wp-json\/wp\/v2\/media\/1764"}],"wp:attachment":[{"href":"https:\/\/dfoto.pl\/index.php\/wp-json\/wp\/v2\/media?parent=1759"}],"wp:term":[{"taxonomy":"category","embeddable":true,"href":"https:\/\/dfoto.pl\/index.php\/wp-json\/wp\/v2\/categories?post=1759"},{"taxonomy":"post_tag","embeddable":true,"href":"https:\/\/dfoto.pl\/index.php\/wp-json\/wp\/v2\/tags?post=1759"}],"curies":[{"name":"wp","href":"https:\/\/api.w.org\/{rel}","templated":true}]}}